{"id":1495,"date":"2021-05-25T08:28:18","date_gmt":"2021-05-25T06:28:18","guid":{"rendered":"https:\/\/infancia-adolescencia.eduvic.coop\/sin-categorizar\/el-proyecto-yakaar-incentiva-el-emprendimiento-en-senegal\/"},"modified":"2025-01-09T17:19:59","modified_gmt":"2025-01-09T16:19:59","slug":"el-proyecto-yakaar-incentiva-el-emprendimiento-en-senegal","status":"publish","type":"post","link":"https:\/\/infancia-adolescencia.eduvic.coop\/es\/sin-categorizar\/el-proyecto-yakaar-incentiva-el-emprendimiento-en-senegal\/","title":{"rendered":"El Proyecto Yakaar incentiva el emprendimiento en Senegal"},"content":{"rendered":"<div class=\"wpb-content-wrapper\"><p>[vc_row][vc_column][vc_empty_space][vc_column_text]Hoy, 25 de mayo, se celebra el <strong>D\u00eda de \u00c1frica<\/strong>. Se conmemora la fundaci\u00f3n, en 1963, de la Organizaci\u00f3n para la Unidad Africana (OUA), que fue reemplazada el 9 de julio de 2002 por la Uni\u00f3n Africana. Sus objetivos eran promover la unidad y la solidaridad entre los estados africanos, incentivar la cooperaci\u00f3n internacional y poner fin al colonialismo.<br \/>\nA prop\u00f3sito de este d\u00eda, queremos hablar del Proyecto Yakaar, en el que colaboramos junto con Servei Solidari, Ha Ha Tay y Jokoo, y que <strong>consiste en becas de formaci\u00f3n y emprendimiento para personas mayores de edad de origen senegal\u00e9s<\/strong>. La <strong>Fundaci\u00f3n Probitas<\/strong> es la creadora y promotora del proyecto.[\/vc_column_text][vc_empty_space][vc_media_grid gap=\u00bb30&#8243; grid_id=\u00bbvc_gid:1633007701282-4032dd47-53df-5&#8243; include=\u00bb5886,5884,5882,5880,5892,5878,5876,5890,5888&#8243;][vc_empty_space][vc_column_text]Actualmente, el proyecto se encuentra en su segunda edici\u00f3n y <strong>Faty, Moustapha y \u00c9tienne son los becarios de este a\u00f1o<\/strong>. Pero, \u00bfen qu\u00e9 consiste el proyecto Yakaar? Se trata de un <strong>programa de formaci\u00f3n y promoci\u00f3n integral que ofrece a personas vulnerables de origen senegal\u00e9s el desarrollo de su m\u00e1ximo potencial como emprendedores\/as en su pa\u00eds de origen<\/strong>. De este modo, atiende a j\u00f3venes senegaleses y senegalesas que residen actualmente en Espa\u00f1a o en Europa y que desean volver a Senegal para poner en marcha un negocio en su pa\u00eds. El programa tiene dos partes: una <strong>Beca de Formaci\u00f3n en Barcelona<\/strong>, \u200b\u200bdonde se forma a los j\u00f3venes en competencias de empresa y se les da apoyo psicosocial y emocional durante la creaci\u00f3n de su plan de negocio; y una <strong>Beca de Emprendimiento<\/strong> en Senegal, donde se les da ayuda econ\u00f3mica, asesoramiento y coaching para la puesta en marcha del negocio, su gesti\u00f3n y para facilitar el proceso de retorno e integraci\u00f3n en el entorno comunitario.<br \/>\nMoustapha se prepara para abrir una panader\u00eda y pasteler\u00eda en Touba; Faty est\u00e1 trabajando para tener una tienda donde venda fruta, zumos naturales, mermeladas y gominolas a base de frutas en Touba; y \u00c9tienne estudia abrir un hotel ecol\u00f3gico que tenga servicio de excursiones y tambi\u00e9n de restaurante. <strong>Los tres becarios ya est\u00e1n ultimando la Beca de Formaci\u00f3n y en julio estar\u00e1n en Senegal para comenzar la Beca de Emprendimiento. Puedes encontrar m\u00e1s informaci\u00f3n sobre los tres becarios y sus proyectos en el <a href=\"https:\/\/www.yakaarsenegal.org\/\">blog del programa<\/a><\/strong>. Esperamos que, muy pronto, puedan cumplir su sue\u00f1o de vivir en Senegal y puedan montar con \u00e9xito su propio negocio.[\/vc_column_text][vc_empty_space][\/vc_column][\/vc_row][vc_row][vc_column][\/vc_column][\/vc_row]<\/p>\n<p>L&#8217;entrada <a href=\"https:\/\/eduvic.coop\/es\/el-proyecto-yakaar-incentiva-el-emprendimiento-en-senegal\/\">El Proyecto Yakaar incentiva el emprendimiento en Senegal<\/a> ha aparegut primer a <a href=\"https:\/\/eduvic.coop\/es\/\">Eduvic<\/a>.<\/p>\n<\/div>","protected":false},"excerpt":{"rendered":"<div class='heateorSssClear'><\/div><div  class='heateor_sss_sharing_container heateor_sss_horizontal_sharing' data-heateor-sss-href='https:\/\/infancia-adolescencia.eduvic.coop\/es\/sin-categorizar\/el-proyecto-yakaar-incentiva-el-emprendimiento-en-senegal\/'><div class='heateor_sss_sharing_title' style=\"font-weight:bold\" >Compartir<\/div><div class=\"heateor_sss_sharing_ul\"><a aria-label=\"Facebook\" class=\"heateor_sss_facebook\" href=\"https:\/\/www.facebook.com\/sharer\/sharer.php?u=https%3A%2F%2Finfancia-adolescencia.eduvic.coop%2Fes%2Fsin-categorizar%2Fel-proyecto-yakaar-incentiva-el-emprendimiento-en-senegal%2F\" title=\"Facebook\" rel=\"nofollow noopener\" target=\"_blank\" style=\"font-size:32px!important;box-shadow:none;display:inline-block;vertical-align:middle\"><span class=\"heateor_sss_svg\" style=\"background-color:#0765FE;width:35px;height:35px;border-radius:999px;display:inline-block;opacity:1;float:left;font-size:32px;box-shadow:none;display:inline-block;font-size:16px;padding:0 4px;vertical-align:middle;background-repeat:repeat;overflow:hidden;padding:0;cursor:pointer;box-sizing:content-box\"><svg style=\"display:block;border-radius:999px;\" focusable=\"false\" aria-hidden=\"true\" xmlns=\"http:\/\/www.w3.org\/2000\/svg\" width=\"100%\" height=\"100%\" viewBox=\"0 0 32 32\"><path fill=\"#fff\" d=\"M28 16c0-6.627-5.373-12-12-12S4 9.373 4 16c0 5.628 3.875 10.35 9.101 11.647v-7.98h-2.474V16H13.1v-1.58c0-4.085 1.849-5.978 5.859-5.978.76 0 2.072.15 2.608.298v3.325c-.283-.03-.775-.045-1.386-.045-1.967 0-2.728.745-2.728 2.683V16h3.92l-.673 3.667h-3.247v8.245C23.395 27.195 28 22.135 28 16Z\"><\/path><\/svg><\/span><\/a><a aria-label=\"Twitter\" class=\"heateor_sss_button_twitter\" href=\"https:\/\/twitter.com\/intent\/tweet?text=El%20Proyecto%20Yakaar%20incentiva%20el%20emprendimiento%20en%20Senegal&url=https%3A%2F%2Finfancia-adolescencia.eduvic.coop%2Fes%2Fsin-categorizar%2Fel-proyecto-yakaar-incentiva-el-emprendimiento-en-senegal%2F\" title=\"Twitter\" rel=\"nofollow noopener\" target=\"_blank\" style=\"font-size:32px!important;box-shadow:none;display:inline-block;vertical-align:middle\"><span class=\"heateor_sss_svg heateor_sss_s__default heateor_sss_s_twitter\" style=\"background-color:#55acee;width:35px;height:35px;border-radius:999px;display:inline-block;opacity:1;float:left;font-size:32px;box-shadow:none;display:inline-block;font-size:16px;padding:0 4px;vertical-align:middle;background-repeat:repeat;overflow:hidden;padding:0;cursor:pointer;box-sizing:content-box\"><svg style=\"display:block;border-radius:999px;\" focusable=\"false\" aria-hidden=\"true\" xmlns=\"http:\/\/www.w3.org\/2000\/svg\" width=\"100%\" height=\"100%\" viewBox=\"-4 -4 39 39\"><path d=\"M28 8.557a9.913 9.913 0 0 1-2.828.775 4.93 4.93 0 0 0 2.166-2.725 9.738 9.738 0 0 1-3.13 1.194 4.92 4.92 0 0 0-3.593-1.55 4.924 4.924 0 0 0-4.794 6.049c-4.09-.21-7.72-2.17-10.15-5.15a4.942 4.942 0 0 0-.665 2.477c0 1.71.87 3.214 2.19 4.1a4.968 4.968 0 0 1-2.23-.616v.06c0 2.39 1.7 4.38 3.952 4.83-.414.115-.85.174-1.297.174-.318 0-.626-.03-.928-.086a4.935 4.935 0 0 0 4.6 3.42 9.893 9.893 0 0 1-6.114 2.107c-.398 0-.79-.023-1.175-.068a13.953 13.953 0 0 0 7.55 2.213c9.056 0 14.01-7.507 14.01-14.013 0-.213-.005-.426-.015-.637.96-.695 1.795-1.56 2.455-2.55z\" fill=\"#fff\"><\/path><\/svg><\/span><\/a><a aria-label=\"Linkedin\" class=\"heateor_sss_button_linkedin\" href=\"https:\/\/www.linkedin.com\/sharing\/share-offsite\/?url=https%3A%2F%2Finfancia-adolescencia.eduvic.coop%2Fes%2Fsin-categorizar%2Fel-proyecto-yakaar-incentiva-el-emprendimiento-en-senegal%2F\" title=\"Linkedin\" rel=\"nofollow noopener\" target=\"_blank\" style=\"font-size:32px!important;box-shadow:none;display:inline-block;vertical-align:middle\"><span class=\"heateor_sss_svg heateor_sss_s__default heateor_sss_s_linkedin\" style=\"background-color:#0077b5;width:35px;height:35px;border-radius:999px;display:inline-block;opacity:1;float:left;font-size:32px;box-shadow:none;display:inline-block;font-size:16px;padding:0 4px;vertical-align:middle;background-repeat:repeat;overflow:hidden;padding:0;cursor:pointer;box-sizing:content-box\"><svg style=\"display:block;border-radius:999px;\" focusable=\"false\" aria-hidden=\"true\" xmlns=\"http:\/\/www.w3.org\/2000\/svg\" width=\"100%\" height=\"100%\" viewBox=\"0 0 32 32\"><path d=\"M6.227 12.61h4.19v13.48h-4.19V12.61zm2.095-6.7a2.43 2.43 0 0 1 0 4.86c-1.344 0-2.428-1.09-2.428-2.43s1.084-2.43 2.428-2.43m4.72 6.7h4.02v1.84h.058c.56-1.058 1.927-2.176 3.965-2.176 4.238 0 5.02 2.792 5.02 6.42v7.395h-4.183v-6.56c0-1.564-.03-3.574-2.178-3.574-2.18 0-2.514 1.7-2.514 3.46v6.668h-4.187V12.61z\" fill=\"#fff\"><\/path><\/svg><\/span><\/a><a aria-label=\"Whatsapp\" class=\"heateor_sss_whatsapp\" href=\"https:\/\/api.whatsapp.com\/send?text=El%20Proyecto%20Yakaar%20incentiva%20el%20emprendimiento%20en%20Senegal%20https%3A%2F%2Finfancia-adolescencia.eduvic.coop%2Fes%2Fsin-categorizar%2Fel-proyecto-yakaar-incentiva-el-emprendimiento-en-senegal%2F\" title=\"Whatsapp\" rel=\"nofollow noopener\" target=\"_blank\" style=\"font-size:32px!important;box-shadow:none;display:inline-block;vertical-align:middle\"><span class=\"heateor_sss_svg\" style=\"background-color:#55eb4c;width:35px;height:35px;border-radius:999px;display:inline-block;opacity:1;float:left;font-size:32px;box-shadow:none;display:inline-block;font-size:16px;padding:0 4px;vertical-align:middle;background-repeat:repeat;overflow:hidden;padding:0;cursor:pointer;box-sizing:content-box\"><svg style=\"display:block;border-radius:999px;\" focusable=\"false\" aria-hidden=\"true\" xmlns=\"http:\/\/www.w3.org\/2000\/svg\" width=\"100%\" height=\"100%\" viewBox=\"-6 -5 40 40\"><path class=\"heateor_sss_svg_stroke heateor_sss_no_fill\" stroke=\"#fff\" stroke-width=\"2\" fill=\"none\" d=\"M 11.579798566743314 24.396926207859085 A 10 10 0 1 0 6.808479557110079 20.73576436351046\"><\/path><path d=\"M 7 19 l -1 6 l 6 -1\" class=\"heateor_sss_no_fill heateor_sss_svg_stroke\" stroke=\"#fff\" stroke-width=\"2\" fill=\"none\"><\/path><path d=\"M 10 10 q -1 8 8 11 c 5 -1 0 -6 -1 -3 q -4 -3 -5 -5 c 4 -2 -1 -5 -1 -4\" fill=\"#fff\"><\/path><\/svg><\/span><\/a><a aria-label=\"Instagram\" class=\"heateor_sss_button_instagram\" href=\"https:\/\/www.instagram.com\/\" title=\"Instagram\" rel=\"nofollow noopener\" target=\"_blank\" style=\"font-size:32px!important;box-shadow:none;display:inline-block;vertical-align:middle\"><span class=\"heateor_sss_svg\" style=\"background-color:#53beee;width:35px;height:35px;border-radius:999px;display:inline-block;opacity:1;float:left;font-size:32px;box-shadow:none;display:inline-block;font-size:16px;padding:0 4px;vertical-align:middle;background-repeat:repeat;overflow:hidden;padding:0;cursor:pointer;box-sizing:content-box\"><svg style=\"display:block;border-radius:999px;\" version=\"1.1\" viewBox=\"-10 -10 148 148\" width=\"100%\" height=\"100%\" xml:space=\"preserve\" xmlns=\"http:\/\/www.w3.org\/2000\/svg\" xmlns:xlink=\"http:\/\/www.w3.org\/1999\/xlink\"><g><g><path d=\"M86,112H42c-14.336,0-26-11.663-26-26V42c0-14.337,11.664-26,26-26h44c14.337,0,26,11.663,26,26v44 C112,100.337,100.337,112,86,112z M42,24c-9.925,0-18,8.074-18,18v44c0,9.925,8.075,18,18,18h44c9.926,0,18-8.075,18-18V42 c0-9.926-8.074-18-18-18H42z\" fill=\"#fff\"><\/path><\/g><g><path d=\"M64,88c-13.234,0-24-10.767-24-24c0-13.234,10.766-24,24-24s24,10.766,24,24C88,77.233,77.234,88,64,88z M64,48c-8.822,0-16,7.178-16,16s7.178,16,16,16c8.822,0,16-7.178,16-16S72.822,48,64,48z\" fill=\"#fff\"><\/path><\/g><g><circle cx=\"89.5\" cy=\"38.5\" fill=\"#fff\" r=\"5.5\"><\/circle><\/g><\/g><\/svg><\/span><\/a><\/div><div class=\"heateorSssClear\"><\/div><\/div><div class='heateorSssClear'><\/div><p>[vc_row][vc_column][vc_empty_space][vc_column_text]Hoy, 25 de mayo, se celebra el D\u00eda de \u00c1frica. Se conmemora la fundaci\u00f3n, en &#8230; <a title=\"El Proyecto Yakaar incentiva el emprendimiento en Senegal\" class=\"read-more\" href=\"https:\/\/infancia-adolescencia.eduvic.coop\/es\/sin-categorizar\/el-proyecto-yakaar-incentiva-el-emprendimiento-en-senegal\/\" aria-label=\"Leer m\u00e1s sobre El Proyecto Yakaar incentiva el emprendimiento en Senegal\"> <\/a><\/p>\n","protected":false},"author":2,"featured_media":2613,"comment_status":"closed","ping_status":"open","sticky":false,"template":"","format":"standard","meta":{"_uag_custom_page_level_css":"","footnotes":""},"categories":[5],"tags":[],"class_list":["post-1495","post","type-post","status-publish","format-standard","has-post-thumbnail","hentry","category-sin-categorizar","generate-columns","tablet-grid-50","mobile-grid-100","grid-parent","grid-33"],"yoast_head":"<!-- This site is optimized with the Yoast SEO plugin v27.4 - https:\/\/yoast.com\/product\/yoast-seo-wordpress\/ -->\n<title>El Proyecto Yakaar incentiva el emprendimiento en Senegal - Inf\u00e0ncia i Adolesc\u00e8ncia - Eduvic<\/title>\n<meta name=\"robots\" content=\"index, follow, max-snippet:-1, max-image-preview:large, max-video-preview:-1\" \/>\n<link rel=\"canonical\" href=\"https:\/\/infancia-adolescencia.eduvic.coop\/es\/sin-categorizar\/el-proyecto-yakaar-incentiva-el-emprendimiento-en-senegal\/\" \/>\n<meta property=\"og:locale\" content=\"es_ES\" \/>\n<meta property=\"og:type\" content=\"article\" \/>\n<meta property=\"og:title\" content=\"El Proyecto Yakaar incentiva el emprendimiento en Senegal - Inf\u00e0ncia i Adolesc\u00e8ncia - Eduvic\" \/>\n<meta property=\"og:description\" content=\"[vc_row][vc_column][vc_empty_space][vc_column_text]Hoy, 25 de mayo, se celebra el D\u00eda de \u00c1frica. Se conmemora la fundaci\u00f3n, en ...\" \/>\n<meta property=\"og:url\" content=\"https:\/\/infancia-adolescencia.eduvic.coop\/es\/sin-categorizar\/el-proyecto-yakaar-incentiva-el-emprendimiento-en-senegal\/\" \/>\n<meta property=\"og:site_name\" content=\"Inf\u00e0ncia i Adolesc\u00e8ncia - Eduvic\" \/>\n<meta property=\"article:published_time\" content=\"2021-05-25T06:28:18+00:00\" \/>\n<meta property=\"article:modified_time\" content=\"2025-01-09T16:19:59+00:00\" \/>\n<meta property=\"og:image\" content=\"https:\/\/infancia-adolescencia.eduvic.coop\/wp-content\/uploads\/2021\/05\/Projecte-Yakaar.png\" \/>\n\t<meta property=\"og:image:width\" content=\"1188\" \/>\n\t<meta property=\"og:image:height\" content=\"781\" \/>\n\t<meta property=\"og:image:type\" content=\"image\/png\" \/>\n<meta name=\"author\" content=\"MAD Systems, SCCL\" \/>\n<meta name=\"twitter:card\" content=\"summary_large_image\" \/>\n<meta name=\"twitter:label1\" content=\"Escrito por\" \/>\n\t<meta name=\"twitter:data1\" content=\"MAD Systems, SCCL\" \/>\n\t<meta name=\"twitter:label2\" content=\"Tiempo de lectura\" \/>\n\t<meta name=\"twitter:data2\" content=\"3 minutos\" \/>\n<script type=\"application\/ld+json\" class=\"yoast-schema-graph\">{\"@context\":\"https:\\\/\\\/schema.org\",\"@graph\":[{\"@type\":\"Article\",\"@id\":\"https:\\\/\\\/infancia-adolescencia.eduvic.coop\\\/es\\\/sin-categorizar\\\/el-proyecto-yakaar-incentiva-el-emprendimiento-en-senegal\\\/#article\",\"isPartOf\":{\"@id\":\"https:\\\/\\\/infancia-adolescencia.eduvic.coop\\\/es\\\/sin-categorizar\\\/el-proyecto-yakaar-incentiva-el-emprendimiento-en-senegal\\\/\"},\"author\":{\"name\":\"MAD Systems, SCCL\",\"@id\":\"https:\\\/\\\/infancia-adolescencia.eduvic.coop\\\/es\\\/#\\\/schema\\\/person\\\/ec84e6d62727a1b586d5132a605286ac\"},\"headline\":\"El Proyecto Yakaar incentiva el emprendimiento en Senegal\",\"datePublished\":\"2021-05-25T06:28:18+00:00\",\"dateModified\":\"2025-01-09T16:19:59+00:00\",\"mainEntityOfPage\":{\"@id\":\"https:\\\/\\\/infancia-adolescencia.eduvic.coop\\\/es\\\/sin-categorizar\\\/el-proyecto-yakaar-incentiva-el-emprendimiento-en-senegal\\\/\"},\"wordCount\":488,\"publisher\":{\"@id\":\"https:\\\/\\\/infancia-adolescencia.eduvic.coop\\\/es\\\/#organization\"},\"image\":{\"@id\":\"https:\\\/\\\/infancia-adolescencia.eduvic.coop\\\/es\\\/sin-categorizar\\\/el-proyecto-yakaar-incentiva-el-emprendimiento-en-senegal\\\/#primaryimage\"},\"thumbnailUrl\":\"https:\\\/\\\/infancia-adolescencia.eduvic.coop\\\/wp-content\\\/uploads\\\/2021\\\/05\\\/Projecte-Yakaar.png\",\"articleSection\":[\"Sin categorizar\"],\"inLanguage\":\"es\"},{\"@type\":\"WebPage\",\"@id\":\"https:\\\/\\\/infancia-adolescencia.eduvic.coop\\\/es\\\/sin-categorizar\\\/el-proyecto-yakaar-incentiva-el-emprendimiento-en-senegal\\\/\",\"url\":\"https:\\\/\\\/infancia-adolescencia.eduvic.coop\\\/es\\\/sin-categorizar\\\/el-proyecto-yakaar-incentiva-el-emprendimiento-en-senegal\\\/\",\"name\":\"El Proyecto Yakaar incentiva el emprendimiento en Senegal - Inf\u00e0ncia i Adolesc\u00e8ncia - Eduvic\",\"isPartOf\":{\"@id\":\"https:\\\/\\\/infancia-adolescencia.eduvic.coop\\\/es\\\/#website\"},\"primaryImageOfPage\":{\"@id\":\"https:\\\/\\\/infancia-adolescencia.eduvic.coop\\\/es\\\/sin-categorizar\\\/el-proyecto-yakaar-incentiva-el-emprendimiento-en-senegal\\\/#primaryimage\"},\"image\":{\"@id\":\"https:\\\/\\\/infancia-adolescencia.eduvic.coop\\\/es\\\/sin-categorizar\\\/el-proyecto-yakaar-incentiva-el-emprendimiento-en-senegal\\\/#primaryimage\"},\"thumbnailUrl\":\"https:\\\/\\\/infancia-adolescencia.eduvic.coop\\\/wp-content\\\/uploads\\\/2021\\\/05\\\/Projecte-Yakaar.png\",\"datePublished\":\"2021-05-25T06:28:18+00:00\",\"dateModified\":\"2025-01-09T16:19:59+00:00\",\"breadcrumb\":{\"@id\":\"https:\\\/\\\/infancia-adolescencia.eduvic.coop\\\/es\\\/sin-categorizar\\\/el-proyecto-yakaar-incentiva-el-emprendimiento-en-senegal\\\/#breadcrumb\"},\"inLanguage\":\"es\",\"potentialAction\":[{\"@type\":\"ReadAction\",\"target\":[\"https:\\\/\\\/infancia-adolescencia.eduvic.coop\\\/es\\\/sin-categorizar\\\/el-proyecto-yakaar-incentiva-el-emprendimiento-en-senegal\\\/\"]}]},{\"@type\":\"ImageObject\",\"inLanguage\":\"es\",\"@id\":\"https:\\\/\\\/infancia-adolescencia.eduvic.coop\\\/es\\\/sin-categorizar\\\/el-proyecto-yakaar-incentiva-el-emprendimiento-en-senegal\\\/#primaryimage\",\"url\":\"https:\\\/\\\/infancia-adolescencia.eduvic.coop\\\/wp-content\\\/uploads\\\/2021\\\/05\\\/Projecte-Yakaar.png\",\"contentUrl\":\"https:\\\/\\\/infancia-adolescencia.eduvic.coop\\\/wp-content\\\/uploads\\\/2021\\\/05\\\/Projecte-Yakaar.png\",\"width\":1188,\"height\":781},{\"@type\":\"BreadcrumbList\",\"@id\":\"https:\\\/\\\/infancia-adolescencia.eduvic.coop\\\/es\\\/sin-categorizar\\\/el-proyecto-yakaar-incentiva-el-emprendimiento-en-senegal\\\/#breadcrumb\",\"itemListElement\":[{\"@type\":\"ListItem\",\"position\":1,\"name\":\"Portada\",\"item\":\"https:\\\/\\\/infancia-adolescencia.eduvic.coop\\\/es\\\/\"},{\"@type\":\"ListItem\",\"position\":2,\"name\":\"El Proyecto Yakaar incentiva el emprendimiento en Senegal\"}]},{\"@type\":\"WebSite\",\"@id\":\"https:\\\/\\\/infancia-adolescencia.eduvic.coop\\\/es\\\/#website\",\"url\":\"https:\\\/\\\/infancia-adolescencia.eduvic.coop\\\/es\\\/\",\"name\":\"Inf\u00e0ncia i Adolesc\u00e8ncia - Eduvic\",\"description\":\"\",\"publisher\":{\"@id\":\"https:\\\/\\\/infancia-adolescencia.eduvic.coop\\\/es\\\/#organization\"},\"potentialAction\":[{\"@type\":\"SearchAction\",\"target\":{\"@type\":\"EntryPoint\",\"urlTemplate\":\"https:\\\/\\\/infancia-adolescencia.eduvic.coop\\\/es\\\/?s={search_term_string}\"},\"query-input\":{\"@type\":\"PropertyValueSpecification\",\"valueRequired\":true,\"valueName\":\"search_term_string\"}}],\"inLanguage\":\"es\"},{\"@type\":\"Organization\",\"@id\":\"https:\\\/\\\/infancia-adolescencia.eduvic.coop\\\/es\\\/#organization\",\"name\":\"Inf\u00e0ncia i Adolesc\u00e8ncia - Eduvic\",\"url\":\"https:\\\/\\\/infancia-adolescencia.eduvic.coop\\\/es\\\/\",\"logo\":{\"@type\":\"ImageObject\",\"inLanguage\":\"es\",\"@id\":\"https:\\\/\\\/infancia-adolescencia.eduvic.coop\\\/es\\\/#\\\/schema\\\/logo\\\/image\\\/\",\"url\":\"https:\\\/\\\/infancia-adolescencia.eduvic.coop\\\/wp-content\\\/uploads\\\/2024\\\/12\\\/INFA\u0300NCIA.png\",\"contentUrl\":\"https:\\\/\\\/infancia-adolescencia.eduvic.coop\\\/wp-content\\\/uploads\\\/2024\\\/12\\\/INFA\u0300NCIA.png\",\"width\":1923,\"height\":799,\"caption\":\"Inf\u00e0ncia i Adolesc\u00e8ncia - Eduvic\"},\"image\":{\"@id\":\"https:\\\/\\\/infancia-adolescencia.eduvic.coop\\\/es\\\/#\\\/schema\\\/logo\\\/image\\\/\"}},{\"@type\":\"Person\",\"@id\":\"https:\\\/\\\/infancia-adolescencia.eduvic.coop\\\/es\\\/#\\\/schema\\\/person\\\/ec84e6d62727a1b586d5132a605286ac\",\"name\":\"MAD Systems, SCCL\",\"image\":{\"@type\":\"ImageObject\",\"inLanguage\":\"es\",\"@id\":\"https:\\\/\\\/secure.gravatar.com\\\/avatar\\\/307b1dbbd2691b486ab8f9973819adbdaffc8236e44e3fa02f9ffc76c56f9512?s=96&d=mm&r=g\",\"url\":\"https:\\\/\\\/secure.gravatar.com\\\/avatar\\\/307b1dbbd2691b486ab8f9973819adbdaffc8236e44e3fa02f9ffc76c56f9512?s=96&d=mm&r=g\",\"contentUrl\":\"https:\\\/\\\/secure.gravatar.com\\\/avatar\\\/307b1dbbd2691b486ab8f9973819adbdaffc8236e44e3fa02f9ffc76c56f9512?s=96&d=mm&r=g\",\"caption\":\"MAD Systems, SCCL\"},\"url\":\"https:\\\/\\\/infancia-adolescencia.eduvic.coop\\\/es\\\/author\\\/mad_emma\\\/\"}]}<\/script>\n<!-- \/ Yoast SEO plugin. -->","yoast_head_json":{"title":"El Proyecto Yakaar incentiva el emprendimiento en Senegal - Inf\u00e0ncia i Adolesc\u00e8ncia - Eduvic","robots":{"index":"index","follow":"follow","max-snippet":"max-snippet:-1","max-image-preview":"max-image-preview:large","max-video-preview":"max-video-preview:-1"},"canonical":"https:\/\/infancia-adolescencia.eduvic.coop\/es\/sin-categorizar\/el-proyecto-yakaar-incentiva-el-emprendimiento-en-senegal\/","og_locale":"es_ES","og_type":"article","og_title":"El Proyecto Yakaar incentiva el emprendimiento en Senegal - Inf\u00e0ncia i Adolesc\u00e8ncia - Eduvic","og_description":"[vc_row][vc_column][vc_empty_space][vc_column_text]Hoy, 25 de mayo, se celebra el D\u00eda de \u00c1frica. Se conmemora la fundaci\u00f3n, en ...","og_url":"https:\/\/infancia-adolescencia.eduvic.coop\/es\/sin-categorizar\/el-proyecto-yakaar-incentiva-el-emprendimiento-en-senegal\/","og_site_name":"Inf\u00e0ncia i Adolesc\u00e8ncia - Eduvic","article_published_time":"2021-05-25T06:28:18+00:00","article_modified_time":"2025-01-09T16:19:59+00:00","og_image":[{"width":1188,"height":781,"url":"https:\/\/infancia-adolescencia.eduvic.coop\/wp-content\/uploads\/2021\/05\/Projecte-Yakaar.png","type":"image\/png"}],"author":"MAD Systems, SCCL","twitter_card":"summary_large_image","twitter_misc":{"Escrito por":"MAD Systems, SCCL","Tiempo de lectura":"3 minutos"},"schema":{"@context":"https:\/\/schema.org","@graph":[{"@type":"Article","@id":"https:\/\/infancia-adolescencia.eduvic.coop\/es\/sin-categorizar\/el-proyecto-yakaar-incentiva-el-emprendimiento-en-senegal\/#article","isPartOf":{"@id":"https:\/\/infancia-adolescencia.eduvic.coop\/es\/sin-categorizar\/el-proyecto-yakaar-incentiva-el-emprendimiento-en-senegal\/"},"author":{"name":"MAD Systems, SCCL","@id":"https:\/\/infancia-adolescencia.eduvic.coop\/es\/#\/schema\/person\/ec84e6d62727a1b586d5132a605286ac"},"headline":"El Proyecto Yakaar incentiva el emprendimiento en Senegal","datePublished":"2021-05-25T06:28:18+00:00","dateModified":"2025-01-09T16:19:59+00:00","mainEntityOfPage":{"@id":"https:\/\/infancia-adolescencia.eduvic.coop\/es\/sin-categorizar\/el-proyecto-yakaar-incentiva-el-emprendimiento-en-senegal\/"},"wordCount":488,"publisher":{"@id":"https:\/\/infancia-adolescencia.eduvic.coop\/es\/#organization"},"image":{"@id":"https:\/\/infancia-adolescencia.eduvic.coop\/es\/sin-categorizar\/el-proyecto-yakaar-incentiva-el-emprendimiento-en-senegal\/#primaryimage"},"thumbnailUrl":"https:\/\/infancia-adolescencia.eduvic.coop\/wp-content\/uploads\/2021\/05\/Projecte-Yakaar.png","articleSection":["Sin categorizar"],"inLanguage":"es"},{"@type":"WebPage","@id":"https:\/\/infancia-adolescencia.eduvic.coop\/es\/sin-categorizar\/el-proyecto-yakaar-incentiva-el-emprendimiento-en-senegal\/","url":"https:\/\/infancia-adolescencia.eduvic.coop\/es\/sin-categorizar\/el-proyecto-yakaar-incentiva-el-emprendimiento-en-senegal\/","name":"El Proyecto Yakaar incentiva el emprendimiento en Senegal - Inf\u00e0ncia i Adolesc\u00e8ncia - Eduvic","isPartOf":{"@id":"https:\/\/infancia-adolescencia.eduvic.coop\/es\/#website"},"primaryImageOfPage":{"@id":"https:\/\/infancia-adolescencia.eduvic.coop\/es\/sin-categorizar\/el-proyecto-yakaar-incentiva-el-emprendimiento-en-senegal\/#primaryimage"},"image":{"@id":"https:\/\/infancia-adolescencia.eduvic.coop\/es\/sin-categorizar\/el-proyecto-yakaar-incentiva-el-emprendimiento-en-senegal\/#primaryimage"},"thumbnailUrl":"https:\/\/infancia-adolescencia.eduvic.coop\/wp-content\/uploads\/2021\/05\/Projecte-Yakaar.png","datePublished":"2021-05-25T06:28:18+00:00","dateModified":"2025-01-09T16:19:59+00:00","breadcrumb":{"@id":"https:\/\/infancia-adolescencia.eduvic.coop\/es\/sin-categorizar\/el-proyecto-yakaar-incentiva-el-emprendimiento-en-senegal\/#breadcrumb"},"inLanguage":"es","potentialAction":[{"@type":"ReadAction","target":["https:\/\/infancia-adolescencia.eduvic.coop\/es\/sin-categorizar\/el-proyecto-yakaar-incentiva-el-emprendimiento-en-senegal\/"]}]},{"@type":"ImageObject","inLanguage":"es","@id":"https:\/\/infancia-adolescencia.eduvic.coop\/es\/sin-categorizar\/el-proyecto-yakaar-incentiva-el-emprendimiento-en-senegal\/#primaryimage","url":"https:\/\/infancia-adolescencia.eduvic.coop\/wp-content\/uploads\/2021\/05\/Projecte-Yakaar.png","contentUrl":"https:\/\/infancia-adolescencia.eduvic.coop\/wp-content\/uploads\/2021\/05\/Projecte-Yakaar.png","width":1188,"height":781},{"@type":"BreadcrumbList","@id":"https:\/\/infancia-adolescencia.eduvic.coop\/es\/sin-categorizar\/el-proyecto-yakaar-incentiva-el-emprendimiento-en-senegal\/#breadcrumb","itemListElement":[{"@type":"ListItem","position":1,"name":"Portada","item":"https:\/\/infancia-adolescencia.eduvic.coop\/es\/"},{"@type":"ListItem","position":2,"name":"El Proyecto Yakaar incentiva el emprendimiento en Senegal"}]},{"@type":"WebSite","@id":"https:\/\/infancia-adolescencia.eduvic.coop\/es\/#website","url":"https:\/\/infancia-adolescencia.eduvic.coop\/es\/","name":"Inf\u00e0ncia i Adolesc\u00e8ncia - Eduvic","description":"","publisher":{"@id":"https:\/\/infancia-adolescencia.eduvic.coop\/es\/#organization"},"potentialAction":[{"@type":"SearchAction","target":{"@type":"EntryPoint","urlTemplate":"https:\/\/infancia-adolescencia.eduvic.coop\/es\/?s={search_term_string}"},"query-input":{"@type":"PropertyValueSpecification","valueRequired":true,"valueName":"search_term_string"}}],"inLanguage":"es"},{"@type":"Organization","@id":"https:\/\/infancia-adolescencia.eduvic.coop\/es\/#organization","name":"Inf\u00e0ncia i Adolesc\u00e8ncia - Eduvic","url":"https:\/\/infancia-adolescencia.eduvic.coop\/es\/","logo":{"@type":"ImageObject","inLanguage":"es","@id":"https:\/\/infancia-adolescencia.eduvic.coop\/es\/#\/schema\/logo\/image\/","url":"https:\/\/infancia-adolescencia.eduvic.coop\/wp-content\/uploads\/2024\/12\/INFA\u0300NCIA.png","contentUrl":"https:\/\/infancia-adolescencia.eduvic.coop\/wp-content\/uploads\/2024\/12\/INFA\u0300NCIA.png","width":1923,"height":799,"caption":"Inf\u00e0ncia i Adolesc\u00e8ncia - Eduvic"},"image":{"@id":"https:\/\/infancia-adolescencia.eduvic.coop\/es\/#\/schema\/logo\/image\/"}},{"@type":"Person","@id":"https:\/\/infancia-adolescencia.eduvic.coop\/es\/#\/schema\/person\/ec84e6d62727a1b586d5132a605286ac","name":"MAD Systems, SCCL","image":{"@type":"ImageObject","inLanguage":"es","@id":"https:\/\/secure.gravatar.com\/avatar\/307b1dbbd2691b486ab8f9973819adbdaffc8236e44e3fa02f9ffc76c56f9512?s=96&d=mm&r=g","url":"https:\/\/secure.gravatar.com\/avatar\/307b1dbbd2691b486ab8f9973819adbdaffc8236e44e3fa02f9ffc76c56f9512?s=96&d=mm&r=g","contentUrl":"https:\/\/secure.gravatar.com\/avatar\/307b1dbbd2691b486ab8f9973819adbdaffc8236e44e3fa02f9ffc76c56f9512?s=96&d=mm&r=g","caption":"MAD Systems, SCCL"},"url":"https:\/\/infancia-adolescencia.eduvic.coop\/es\/author\/mad_emma\/"}]}},"uagb_featured_image_src":{"full":["https:\/\/infancia-adolescencia.eduvic.coop\/wp-content\/uploads\/2021\/05\/Projecte-Yakaar.png",1188,781,false],"thumbnail":["https:\/\/infancia-adolescencia.eduvic.coop\/wp-content\/uploads\/2021\/05\/Projecte-Yakaar-150x150.png",150,150,true],"medium":["https:\/\/infancia-adolescencia.eduvic.coop\/wp-content\/uploads\/2021\/05\/Projecte-Yakaar-300x197.png",300,197,true],"medium_large":["https:\/\/infancia-adolescencia.eduvic.coop\/wp-content\/uploads\/2021\/05\/Projecte-Yakaar-768x505.png",768,505,true],"large":["https:\/\/infancia-adolescencia.eduvic.coop\/wp-content\/uploads\/2021\/05\/Projecte-Yakaar-1024x673.png",1024,673,true],"1536x1536":["https:\/\/infancia-adolescencia.eduvic.coop\/wp-content\/uploads\/2021\/05\/Projecte-Yakaar.png",1188,781,false],"2048x2048":["https:\/\/infancia-adolescencia.eduvic.coop\/wp-content\/uploads\/2021\/05\/Projecte-Yakaar.png",1188,781,false]},"uagb_author_info":{"display_name":"MAD Systems, SCCL","author_link":"https:\/\/infancia-adolescencia.eduvic.coop\/es\/author\/mad_emma\/"},"uagb_comment_info":4,"uagb_excerpt":"[vc_row][vc_column][vc_empty_space][vc_column_text]Hoy, 25 de mayo, se celebra el D\u00eda de \u00c1frica. Se conmemora la fundaci\u00f3n, en ...","rttpg_featured_image_url":{"full":["https:\/\/infancia-adolescencia.eduvic.coop\/wp-content\/uploads\/2021\/05\/Projecte-Yakaar.png",1188,781,false],"landscape":["https:\/\/infancia-adolescencia.eduvic.coop\/wp-content\/uploads\/2021\/05\/Projecte-Yakaar.png",1188,781,false],"portraits":["https:\/\/infancia-adolescencia.eduvic.coop\/wp-content\/uploads\/2021\/05\/Projecte-Yakaar.png",1188,781,false],"thumbnail":["https:\/\/infancia-adolescencia.eduvic.coop\/wp-content\/uploads\/2021\/05\/Projecte-Yakaar-150x150.png",150,150,true],"medium":["https:\/\/infancia-adolescencia.eduvic.coop\/wp-content\/uploads\/2021\/05\/Projecte-Yakaar-300x197.png",300,197,true],"large":["https:\/\/infancia-adolescencia.eduvic.coop\/wp-content\/uploads\/2021\/05\/Projecte-Yakaar-1024x673.png",1024,673,true],"1536x1536":["https:\/\/infancia-adolescencia.eduvic.coop\/wp-content\/uploads\/2021\/05\/Projecte-Yakaar.png",1188,781,false],"2048x2048":["https:\/\/infancia-adolescencia.eduvic.coop\/wp-content\/uploads\/2021\/05\/Projecte-Yakaar.png",1188,781,false]},"rttpg_author":{"display_name":"MAD Systems, SCCL","author_link":"https:\/\/infancia-adolescencia.eduvic.coop\/es\/author\/mad_emma\/"},"rttpg_comment":4,"rttpg_category":"<a href=\"https:\/\/infancia-adolescencia.eduvic.coop\/es\/category\/sin-categorizar\/\" rel=\"category tag\">Sin categorizar<\/a>","rttpg_excerpt":"[vc_row][vc_column][vc_empty_space][vc_column_text]Hoy, 25 de mayo, se celebra el D\u00eda de \u00c1frica. Se conmemora la fundaci\u00f3n, en ...","_links":{"self":[{"href":"https:\/\/infancia-adolescencia.eduvic.coop\/es\/wp-json\/wp\/v2\/posts\/1495","targetHints":{"allow":["GET"]}}],"collection":[{"href":"https:\/\/infancia-adolescencia.eduvic.coop\/es\/wp-json\/wp\/v2\/posts"}],"about":[{"href":"https:\/\/infancia-adolescencia.eduvic.coop\/es\/wp-json\/wp\/v2\/types\/post"}],"author":[{"embeddable":true,"href":"https:\/\/infancia-adolescencia.eduvic.coop\/es\/wp-json\/wp\/v2\/users\/2"}],"replies":[{"embeddable":true,"href":"https:\/\/infancia-adolescencia.eduvic.coop\/es\/wp-json\/wp\/v2\/comments?post=1495"}],"version-history":[{"count":1,"href":"https:\/\/infancia-adolescencia.eduvic.coop\/es\/wp-json\/wp\/v2\/posts\/1495\/revisions"}],"predecessor-version":[{"id":2693,"href":"https:\/\/infancia-adolescencia.eduvic.coop\/es\/wp-json\/wp\/v2\/posts\/1495\/revisions\/2693"}],"wp:featuredmedia":[{"embeddable":true,"href":"https:\/\/infancia-adolescencia.eduvic.coop\/es\/wp-json\/wp\/v2\/media\/2613"}],"wp:attachment":[{"href":"https:\/\/infancia-adolescencia.eduvic.coop\/es\/wp-json\/wp\/v2\/media?parent=1495"}],"wp:term":[{"taxonomy":"category","embeddable":true,"href":"https:\/\/infancia-adolescencia.eduvic.coop\/es\/wp-json\/wp\/v2\/categories?post=1495"},{"taxonomy":"post_tag","embeddable":true,"href":"https:\/\/infancia-adolescencia.eduvic.coop\/es\/wp-json\/wp\/v2\/tags?post=1495"}],"curies":[{"name":"wp","href":"https:\/\/api.w.org\/{rel}","templated":true}]}}